{"id":111,"date":"2024-01-22T14:08:01","date_gmt":"2024-01-22T13:08:01","guid":{"rendered":"https:\/\/dachfensterinfo.de\/cms\/?p=111"},"modified":"2024-03-07T20:53:31","modified_gmt":"2024-03-07T19:53:31","slug":"balkon-dachfenster","status":"publish","type":"post","link":"https:\/\/dachfensterinfo.de\/cms\/balkon-dachfenster\/","title":{"rendered":"Balkon Dachfenster"},"content":{"rendered":"\n<p>Diese Dachfenster Variante wurde 1991 von VELUX auf einer Messe in Frankreich in den Markt eingef\u00fchrt. Bis heute begeistert diese Ingenieursleistung die Menschen und weckt den Wunsch ein solches Fenster haben zu wollen. <\/p>\n\n\n\n<p>Vom Prinzip her ist es ein bodentiefes Dachfenster, dessen unteres Fensterelement mit einem einfach Handgriff ausgeklappt werden kann. Somit verwandelt sich der Wohnraum in eine Dachterrasse.<\/p>\n\n\n\n<div class=\"wp-block-group alignfull has-global-padding is-layout-constrained wp-container-core-group-is-layout-b25ccd55 wp-block-group-is-layout-constrained\" style=\"margin-top:0;margin-bottom:0;padding-top:var(--wp--preset--spacing--50);padding-right:var(--wp--preset--spacing--50);padding-bottom:var(--wp--preset--spacing--50);padding-left:var(--wp--preset--spacing--50)\">\n<div class=\"wp-block-columns alignwide is-layout-flex wp-container-core-columns-is-layout-ff4b9c61 wp-block-columns-is-layout-flex\" style=\"margin-top:0;margin-bottom:0\">\n<div class=\"wp-block-column is-layout-flow wp-container-core-column-is-layout-8a368f38 wp-block-column-is-layout-flow\">\n<figure data-wp-context=\"{&quot;imageId&quot;:&quot;69f236987611b&quot;}\" data-wp-interactive=\"core\/image\" data-wp-key=\"69f236987611b\" class=\"wp-block-image size-large is-style-rounded is-style-rounded--1 wp-lightbox-container\"><img loading=\"lazy\" decoding=\"async\" width=\"778\" height=\"1024\" data-wp-class--hide=\"state.isContentHidden\" data-wp-class--show=\"state.isContentVisible\" data-wp-init=\"callbacks.setButtonStyles\" data-wp-on--click=\"actions.showLightbox\" data-wp-on--load=\"callbacks.setButtonStyles\" data-wp-on-window--resize=\"callbacks.setButtonStyles\" src=\"https:\/\/dachfensterinfo.de\/cms\/wp-content\/uploads\/2024\/01\/dachfenster-velux-dachbalkon-778x1024.jpg\" alt=\"\" class=\"wp-image-149\" style=\"aspect-ratio:4\/3;object-fit:cover\" srcset=\"https:\/\/dachfensterinfo.de\/cms\/wp-content\/uploads\/2024\/01\/dachfenster-velux-dachbalkon-778x1024.jpg 778w, https:\/\/dachfensterinfo.de\/cms\/wp-content\/uploads\/2024\/01\/dachfenster-velux-dachbalkon-228x300.jpg 228w, https:\/\/dachfensterinfo.de\/cms\/wp-content\/uploads\/2024\/01\/dachfenster-velux-dachbalkon-768x1010.jpg 768w, https:\/\/dachfensterinfo.de\/cms\/wp-content\/uploads\/2024\/01\/dachfenster-velux-dachbalkon-1168x1536.jpg 1168w, https:\/\/dachfensterinfo.de\/cms\/wp-content\/uploads\/2024\/01\/dachfenster-velux-dachbalkon-1557x2048.jpg 1557w, https:\/\/dachfensterinfo.de\/cms\/wp-content\/uploads\/2024\/01\/dachfenster-velux-dachbalkon-scaled.jpg 1140w\" sizes=\"auto, (max-width: 778px) 100vw, 778px\" \/><button\n\t\t\tclass=\"lightbox-trigger\"\n\t\t\ttype=\"button\"\n\t\t\taria-haspopup=\"dialog\"\n\t\t\taria-label=\"Vergr\u00f6\u00dfern\"\n\t\t\tdata-wp-init=\"callbacks.initTriggerButton\"\n\t\t\tdata-wp-on--click=\"actions.showLightbox\"\n\t\t\tdata-wp-style--right=\"state.imageButtonRight\"\n\t\t\tdata-wp-style--top=\"state.imageButtonTop\"\n\t\t>\n\t\t\t<svg xmlns=\"http:\/\/www.w3.org\/2000\/svg\" width=\"12\" height=\"12\" fill=\"none\" viewBox=\"0 0 12 12\">\n\t\t\t\t<path fill=\"#fff\" d=\"M2 0a2 2 0 0 0-2 2v2h1.5V2a.5.5 0 0 1 .5-.5h2V0H2Zm2 10.5H2a.5.5 0 0 1-.5-.5V8H0v2a2 2 0 0 0 2 2h2v-1.5ZM8 12v-1.5h2a.5.5 0 0 0 .5-.5V8H12v2a2 2 0 0 1-2 2H8Zm2-12a2 2 0 0 1 2 2v2h-1.5V2a.5.5 0 0 0-.5-.5H8V0h2Z\" \/>\n\t\t\t<\/svg>\n\t\t<\/button><\/figure>\n\n\n\n<div style=\"height:var(--wp--preset--spacing--50)\" aria-hidden=\"true\" class=\"wp-block-spacer\"><\/div>\n\n\n\n<figure data-wp-context=\"{&quot;imageId&quot;:&quot;69f2369876cba&quot;}\" data-wp-interactive=\"core\/image\" data-wp-key=\"69f2369876cba\" class=\"wp-block-image size-large is-style-rounded is-style-rounded--2 wp-lightbox-container\"><img loading=\"lazy\" decoding=\"async\" width=\"683\" height=\"1024\" data-wp-class--hide=\"state.isContentHidden\" data-wp-class--show=\"state.isContentVisible\" data-wp-init=\"callbacks.setButtonStyles\" data-wp-on--click=\"actions.showLightbox\" data-wp-on--load=\"callbacks.setButtonStyles\" data-wp-on-window--resize=\"callbacks.setButtonStyles\" src=\"https:\/\/dachfensterinfo.de\/cms\/wp-content\/uploads\/2024\/01\/dachfenster-velux-dachbalkon-ausblick-683x1024.jpg\" alt=\"\" class=\"wp-image-146\" style=\"aspect-ratio:3\/4;object-fit:cover\" srcset=\"https:\/\/dachfensterinfo.de\/cms\/wp-content\/uploads\/2024\/01\/dachfenster-velux-dachbalkon-ausblick-683x1024.jpg 683w, https:\/\/dachfensterinfo.de\/cms\/wp-content\/uploads\/2024\/01\/dachfenster-velux-dachbalkon-ausblick-200x300.jpg 200w, https:\/\/dachfensterinfo.de\/cms\/wp-content\/uploads\/2024\/01\/dachfenster-velux-dachbalkon-ausblick-768x1152.jpg 768w, https:\/\/dachfensterinfo.de\/cms\/wp-content\/uploads\/2024\/01\/dachfenster-velux-dachbalkon-ausblick-1024x1536.jpg 1024w, https:\/\/dachfensterinfo.de\/cms\/wp-content\/uploads\/2024\/01\/dachfenster-velux-dachbalkon-ausblick-1365x2048.jpg 1365w, https:\/\/dachfensterinfo.de\/cms\/wp-content\/uploads\/2024\/01\/dachfenster-velux-dachbalkon-ausblick-scaled.jpg 1000w\" sizes=\"auto, (max-width: 683px) 100vw, 683px\" \/><button\n\t\t\tclass=\"lightbox-trigger\"\n\t\t\ttype=\"button\"\n\t\t\taria-haspopup=\"dialog\"\n\t\t\taria-label=\"Vergr\u00f6\u00dfern\"\n\t\t\tdata-wp-init=\"callbacks.initTriggerButton\"\n\t\t\tdata-wp-on--click=\"actions.showLightbox\"\n\t\t\tdata-wp-style--right=\"state.imageButtonRight\"\n\t\t\tdata-wp-style--top=\"state.imageButtonTop\"\n\t\t>\n\t\t\t<svg xmlns=\"http:\/\/www.w3.org\/2000\/svg\" width=\"12\" height=\"12\" fill=\"none\" viewBox=\"0 0 12 12\">\n\t\t\t\t<path fill=\"#fff\" d=\"M2 0a2 2 0 0 0-2 2v2h1.5V2a.5.5 0 0 1 .5-.5h2V0H2Zm2 10.5H2a.5.5 0 0 1-.5-.5V8H0v2a2 2 0 0 0 2 2h2v-1.5ZM8 12v-1.5h2a.5.5 0 0 0 .5-.5V8H12v2a2 2 0 0 1-2 2H8Zm2-12a2 2 0 0 1 2 2v2h-1.5V2a.5.5 0 0 0-.5-.5H8V0h2Z\" \/>\n\t\t\t<\/svg>\n\t\t<\/button><\/figure>\n<\/div>\n\n\n\n<div class=\"wp-block-column is-layout-flow wp-container-core-column-is-layout-8a368f38 wp-block-column-is-layout-flow\">\n<div style=\"height:var(--wp--preset--spacing--50)\" aria-hidden=\"true\" class=\"wp-block-spacer\"><\/div>\n\n\n\n<figure data-wp-context=\"{&quot;imageId&quot;:&quot;69f2369877c6a&quot;}\" data-wp-interactive=\"core\/image\" data-wp-key=\"69f2369877c6a\" class=\"wp-block-image size-large is-style-rounded is-style-rounded--3 wp-lightbox-container\"><img loading=\"lazy\" decoding=\"async\" width=\"768\" height=\"1024\" data-wp-class--hide=\"state.isContentHidden\" data-wp-class--show=\"state.isContentVisible\" data-wp-init=\"callbacks.setButtonStyles\" data-wp-on--click=\"actions.showLightbox\" data-wp-on--load=\"callbacks.setButtonStyles\" data-wp-on-window--resize=\"callbacks.setButtonStyles\" src=\"https:\/\/dachfensterinfo.de\/cms\/wp-content\/uploads\/2024\/01\/dachfenster-velux-dachbalkon-aussenansicht-768x1024.jpg\" alt=\"\" class=\"wp-image-147\" style=\"aspect-ratio:3\/4;object-fit:cover\" srcset=\"https:\/\/dachfensterinfo.de\/cms\/wp-content\/uploads\/2024\/01\/dachfenster-velux-dachbalkon-aussenansicht-768x1024.jpg 768w, https:\/\/dachfensterinfo.de\/cms\/wp-content\/uploads\/2024\/01\/dachfenster-velux-dachbalkon-aussenansicht-225x300.jpg 225w, https:\/\/dachfensterinfo.de\/cms\/wp-content\/uploads\/2024\/01\/dachfenster-velux-dachbalkon-aussenansicht-1152x1536.jpg 1152w, https:\/\/dachfensterinfo.de\/cms\/wp-content\/uploads\/2024\/01\/dachfenster-velux-dachbalkon-aussenansicht-1536x2048.jpg 1536w, https:\/\/dachfensterinfo.de\/cms\/wp-content\/uploads\/2024\/01\/dachfenster-velux-dachbalkon-aussenansicht-scaled.jpg 1125w\" sizes=\"auto, (max-width: 768px) 100vw, 768px\" \/><button\n\t\t\tclass=\"lightbox-trigger\"\n\t\t\ttype=\"button\"\n\t\t\taria-haspopup=\"dialog\"\n\t\t\taria-label=\"Vergr\u00f6\u00dfern\"\n\t\t\tdata-wp-init=\"callbacks.initTriggerButton\"\n\t\t\tdata-wp-on--click=\"actions.showLightbox\"\n\t\t\tdata-wp-style--right=\"state.imageButtonRight\"\n\t\t\tdata-wp-style--top=\"state.imageButtonTop\"\n\t\t>\n\t\t\t<svg xmlns=\"http:\/\/www.w3.org\/2000\/svg\" width=\"12\" height=\"12\" fill=\"none\" viewBox=\"0 0 12 12\">\n\t\t\t\t<path fill=\"#fff\" d=\"M2 0a2 2 0 0 0-2 2v2h1.5V2a.5.5 0 0 1 .5-.5h2V0H2Zm2 10.5H2a.5.5 0 0 1-.5-.5V8H0v2a2 2 0 0 0 2 2h2v-1.5ZM8 12v-1.5h2a.5.5 0 0 0 .5-.5V8H12v2a2 2 0 0 1-2 2H8Zm2-12a2 2 0 0 1 2 2v2h-1.5V2a.5.5 0 0 0-.5-.5H8V0h2Z\" \/>\n\t\t\t<\/svg>\n\t\t<\/button><\/figure>\n\n\n\n<div style=\"height:var(--wp--preset--spacing--50)\" aria-hidden=\"true\" class=\"wp-block-spacer\"><\/div>\n\n\n\n<figure data-wp-context=\"{&quot;imageId&quot;:&quot;69f23698787ef&quot;}\" data-wp-interactive=\"core\/image\" data-wp-key=\"69f23698787ef\" class=\"wp-block-image size-large is-style-rounded is-style-rounded--4 wp-lightbox-container\"><img loading=\"lazy\" decoding=\"async\" width=\"682\" height=\"1024\" data-wp-class--hide=\"state.isContentHidden\" data-wp-class--show=\"state.isContentVisible\" data-wp-init=\"callbacks.setButtonStyles\" data-wp-on--click=\"actions.showLightbox\" data-wp-on--load=\"callbacks.setButtonStyles\" data-wp-on-window--resize=\"callbacks.setButtonStyles\" src=\"https:\/\/dachfensterinfo.de\/cms\/wp-content\/uploads\/2024\/01\/dachfenster-velux-dachbalkon-wohnzimmer-682x1024.jpg\" alt=\"\" class=\"wp-image-148\" style=\"aspect-ratio:1;object-fit:cover\" srcset=\"https:\/\/dachfensterinfo.de\/cms\/wp-content\/uploads\/2024\/01\/dachfenster-velux-dachbalkon-wohnzimmer-682x1024.jpg 682w, https:\/\/dachfensterinfo.de\/cms\/wp-content\/uploads\/2024\/01\/dachfenster-velux-dachbalkon-wohnzimmer-200x300.jpg 200w, https:\/\/dachfensterinfo.de\/cms\/wp-content\/uploads\/2024\/01\/dachfenster-velux-dachbalkon-wohnzimmer-768x1152.jpg 768w, https:\/\/dachfensterinfo.de\/cms\/wp-content\/uploads\/2024\/01\/dachfenster-velux-dachbalkon-wohnzimmer-1024x1536.jpg 1024w, https:\/\/dachfensterinfo.de\/cms\/wp-content\/uploads\/2024\/01\/dachfenster-velux-dachbalkon-wohnzimmer-scaled.jpg 1000w\" sizes=\"auto, (max-width: 682px) 100vw, 682px\" \/><button\n\t\t\tclass=\"lightbox-trigger\"\n\t\t\ttype=\"button\"\n\t\t\taria-haspopup=\"dialog\"\n\t\t\taria-label=\"Vergr\u00f6\u00dfern\"\n\t\t\tdata-wp-init=\"callbacks.initTriggerButton\"\n\t\t\tdata-wp-on--click=\"actions.showLightbox\"\n\t\t\tdata-wp-style--right=\"state.imageButtonRight\"\n\t\t\tdata-wp-style--top=\"state.imageButtonTop\"\n\t\t>\n\t\t\t<svg xmlns=\"http:\/\/www.w3.org\/2000\/svg\" width=\"12\" height=\"12\" fill=\"none\" viewBox=\"0 0 12 12\">\n\t\t\t\t<path fill=\"#fff\" d=\"M2 0a2 2 0 0 0-2 2v2h1.5V2a.5.5 0 0 1 .5-.5h2V0H2Zm2 10.5H2a.5.5 0 0 1-.5-.5V8H0v2a2 2 0 0 0 2 2h2v-1.5ZM8 12v-1.5h2a.5.5 0 0 0 .5-.5V8H12v2a2 2 0 0 1-2 2H8Zm2-12a2 2 0 0 1 2 2v2h-1.5V2a.5.5 0 0 0-.5-.5H8V0h2Z\" \/>\n\t\t\t<\/svg>\n\t\t<\/button><\/figure>\n<\/div>\n<\/div>\n<\/div>\n\n\n\n<p>F\u00fcr viele Jahre bot allein VELUX eine solches Produktl\u00f6sung an. Mittlerweile hat Fakro eine \u00e4hnlich L\u00f6sung auf den Markt gebracht.<\/p>\n","protected":false},"excerpt":{"rendered":"<p>Diese Dachfenster Variante wurde 1991 von VELUX auf einer Messe in Frankreich in den Markt eingef\u00fchrt. Bis heute begeistert diese Ingenieursleistung die Menschen und weckt den Wunsch ein solches Fenster haben zu wollen. Vom Prinzip her ist es ein bodentiefes Dachfenster, dessen unteres Fensterelement mit einem einfach Handgriff ausgeklappt werden kann. Somit verwandelt sich der [&hellip;]<\/p>\n","protected":false},"author":1,"featured_media":149,"comment_status":"closed","ping_status":"closed","sticky":false,"template":"","format":"standard","meta":{"footnotes":""},"categories":[1],"tags":[14],"class_list":["post-111","post","type-post","status-publish","format-standard","has-post-thumbnail","hentry","category-allgemein","tag-dachfensterkombination"],"yoast_head":"<!-- This site is optimized with the Yoast SEO plugin v27.5 - https:\/\/yoast.com\/product\/yoast-seo-wordpress\/ -->\n<title>Balkon Dachfenster - dachfensterinfo.de<\/title>\n<meta name=\"robots\" content=\"index, follow, max-snippet:-1, max-image-preview:large, max-video-preview:-1\" \/>\n<link rel=\"canonical\" href=\"https:\/\/dachfensterinfo.de\/cms\/balkon-dachfenster\/\" \/>\n<meta property=\"og:locale\" content=\"de_DE\" \/>\n<meta property=\"og:type\" content=\"article\" \/>\n<meta property=\"og:title\" content=\"Balkon Dachfenster - dachfensterinfo.de\" \/>\n<meta property=\"og:description\" content=\"Diese Dachfenster Variante wurde 1991 von VELUX auf einer Messe in Frankreich in den Markt eingef\u00fchrt. Bis heute begeistert diese Ingenieursleistung die Menschen und weckt den Wunsch ein solches Fenster haben zu wollen. Vom Prinzip her ist es ein bodentiefes Dachfenster, dessen unteres Fensterelement mit einem einfach Handgriff ausgeklappt werden kann. Somit verwandelt sich der [&hellip;]\" \/>\n<meta property=\"og:url\" content=\"https:\/\/dachfensterinfo.de\/cms\/balkon-dachfenster\/\" \/>\n<meta property=\"og:site_name\" content=\"dachfensterinfo.de\" \/>\n<meta property=\"article:publisher\" content=\"https:\/\/www.facebook.com\/dachfensterinfo\" \/>\n<meta property=\"article:published_time\" content=\"2024-01-22T13:08:01+00:00\" \/>\n<meta property=\"article:modified_time\" content=\"2024-03-07T19:53:31+00:00\" \/>\n<meta property=\"og:image\" content=\"https:\/\/dachfensterinfo.de\/cms\/wp-content\/uploads\/2024\/01\/dachfenster-velux-dachbalkon-scaled.jpg\" \/>\n\t<meta property=\"og:image:width\" content=\"1140\" \/>\n\t<meta property=\"og:image:height\" content=\"1500\" \/>\n\t<meta property=\"og:image:type\" content=\"image\/jpeg\" \/>\n<meta name=\"author\" content=\"iamklaus\" \/>\n<meta name=\"twitter:card\" content=\"summary_large_image\" \/>\n<meta name=\"twitter:label1\" content=\"Verfasst von\" \/>\n\t<meta name=\"twitter:data1\" content=\"iamklaus\" \/>\n\t<meta name=\"twitter:label2\" content=\"Gesch\u00e4tzte Lesezeit\" \/>\n\t<meta name=\"twitter:data2\" content=\"2\u00a0Minuten\" \/>\n<script type=\"application\/ld+json\" class=\"yoast-schema-graph\">{\"@context\":\"https:\\\/\\\/schema.org\",\"@graph\":[{\"@type\":\"Article\",\"@id\":\"https:\\\/\\\/dachfensterinfo.de\\\/cms\\\/balkon-dachfenster\\\/#article\",\"isPartOf\":{\"@id\":\"https:\\\/\\\/dachfensterinfo.de\\\/cms\\\/balkon-dachfenster\\\/\"},\"author\":{\"name\":\"iamklaus\",\"@id\":\"https:\\\/\\\/dachfensterinfo.de\\\/cms\\\/#\\\/schema\\\/person\\\/01f3bba15d802a83596430bd235bb5d8\"},\"headline\":\"Balkon Dachfenster\",\"datePublished\":\"2024-01-22T13:08:01+00:00\",\"dateModified\":\"2024-03-07T19:53:31+00:00\",\"mainEntityOfPage\":{\"@id\":\"https:\\\/\\\/dachfensterinfo.de\\\/cms\\\/balkon-dachfenster\\\/\"},\"wordCount\":84,\"publisher\":{\"@id\":\"https:\\\/\\\/dachfensterinfo.de\\\/cms\\\/#organization\"},\"image\":{\"@id\":\"https:\\\/\\\/dachfensterinfo.de\\\/cms\\\/balkon-dachfenster\\\/#primaryimage\"},\"thumbnailUrl\":\"https:\\\/\\\/dachfensterinfo.de\\\/cms\\\/wp-content\\\/uploads\\\/2024\\\/01\\\/dachfenster-velux-dachbalkon-scaled.jpg\",\"keywords\":[\"dachfensterkombination\"],\"inLanguage\":\"de\"},{\"@type\":\"WebPage\",\"@id\":\"https:\\\/\\\/dachfensterinfo.de\\\/cms\\\/balkon-dachfenster\\\/\",\"url\":\"https:\\\/\\\/dachfensterinfo.de\\\/cms\\\/balkon-dachfenster\\\/\",\"name\":\"Balkon Dachfenster - dachfensterinfo.de\",\"isPartOf\":{\"@id\":\"https:\\\/\\\/dachfensterinfo.de\\\/cms\\\/#website\"},\"primaryImageOfPage\":{\"@id\":\"https:\\\/\\\/dachfensterinfo.de\\\/cms\\\/balkon-dachfenster\\\/#primaryimage\"},\"image\":{\"@id\":\"https:\\\/\\\/dachfensterinfo.de\\\/cms\\\/balkon-dachfenster\\\/#primaryimage\"},\"thumbnailUrl\":\"https:\\\/\\\/dachfensterinfo.de\\\/cms\\\/wp-content\\\/uploads\\\/2024\\\/01\\\/dachfenster-velux-dachbalkon-scaled.jpg\",\"datePublished\":\"2024-01-22T13:08:01+00:00\",\"dateModified\":\"2024-03-07T19:53:31+00:00\",\"breadcrumb\":{\"@id\":\"https:\\\/\\\/dachfensterinfo.de\\\/cms\\\/balkon-dachfenster\\\/#breadcrumb\"},\"inLanguage\":\"de\",\"potentialAction\":[{\"@type\":\"ReadAction\",\"target\":[\"https:\\\/\\\/dachfensterinfo.de\\\/cms\\\/balkon-dachfenster\\\/\"]}]},{\"@type\":\"ImageObject\",\"inLanguage\":\"de\",\"@id\":\"https:\\\/\\\/dachfensterinfo.de\\\/cms\\\/balkon-dachfenster\\\/#primaryimage\",\"url\":\"https:\\\/\\\/dachfensterinfo.de\\\/cms\\\/wp-content\\\/uploads\\\/2024\\\/01\\\/dachfenster-velux-dachbalkon-scaled.jpg\",\"contentUrl\":\"https:\\\/\\\/dachfensterinfo.de\\\/cms\\\/wp-content\\\/uploads\\\/2024\\\/01\\\/dachfenster-velux-dachbalkon-scaled.jpg\",\"width\":1140,\"height\":1500},{\"@type\":\"BreadcrumbList\",\"@id\":\"https:\\\/\\\/dachfensterinfo.de\\\/cms\\\/balkon-dachfenster\\\/#breadcrumb\",\"itemListElement\":[{\"@type\":\"ListItem\",\"position\":1,\"name\":\"Startseite\",\"item\":\"https:\\\/\\\/dachfensterinfo.de\\\/cms\\\/\"},{\"@type\":\"ListItem\",\"position\":2,\"name\":\"Balkon Dachfenster\"}]},{\"@type\":\"WebSite\",\"@id\":\"https:\\\/\\\/dachfensterinfo.de\\\/cms\\\/#website\",\"url\":\"https:\\\/\\\/dachfensterinfo.de\\\/cms\\\/\",\"name\":\"dachfensterinfo.de\",\"description\":\"\",\"publisher\":{\"@id\":\"https:\\\/\\\/dachfensterinfo.de\\\/cms\\\/#organization\"},\"potentialAction\":[{\"@type\":\"SearchAction\",\"target\":{\"@type\":\"EntryPoint\",\"urlTemplate\":\"https:\\\/\\\/dachfensterinfo.de\\\/cms\\\/?s={search_term_string}\"},\"query-input\":{\"@type\":\"PropertyValueSpecification\",\"valueRequired\":true,\"valueName\":\"search_term_string\"}}],\"inLanguage\":\"de\"},{\"@type\":\"Organization\",\"@id\":\"https:\\\/\\\/dachfensterinfo.de\\\/cms\\\/#organization\",\"name\":\"dachfensterinfo.de\",\"url\":\"https:\\\/\\\/dachfensterinfo.de\\\/cms\\\/\",\"logo\":{\"@type\":\"ImageObject\",\"inLanguage\":\"de\",\"@id\":\"https:\\\/\\\/dachfensterinfo.de\\\/cms\\\/#\\\/schema\\\/logo\\\/image\\\/\",\"url\":\"https:\\\/\\\/dachfensterinfo.de\\\/cms\\\/wp-content\\\/uploads\\\/2024\\\/02\\\/Logo-1-e1708276715214.png\",\"contentUrl\":\"https:\\\/\\\/dachfensterinfo.de\\\/cms\\\/wp-content\\\/uploads\\\/2024\\\/02\\\/Logo-1-e1708276715214.png\",\"width\":300,\"height\":300,\"caption\":\"dachfensterinfo.de\"},\"image\":{\"@id\":\"https:\\\/\\\/dachfensterinfo.de\\\/cms\\\/#\\\/schema\\\/logo\\\/image\\\/\"},\"sameAs\":[\"https:\\\/\\\/www.facebook.com\\\/dachfensterinfo\",\"https:\\\/\\\/www.instagram.com\\\/dachfensterinfo\\\/\"]},{\"@type\":\"Person\",\"@id\":\"https:\\\/\\\/dachfensterinfo.de\\\/cms\\\/#\\\/schema\\\/person\\\/01f3bba15d802a83596430bd235bb5d8\",\"name\":\"iamklaus\",\"sameAs\":[\"http:\\\/\\\/dachfensterinfo.de\\\/cms\"],\"url\":\"https:\\\/\\\/dachfensterinfo.de\\\/cms\\\/author\\\/iamklaus\\\/\"}]}<\/script>\n<!-- \/ Yoast SEO plugin. -->","yoast_head_json":{"title":"Balkon Dachfenster - dachfensterinfo.de","robots":{"index":"index","follow":"follow","max-snippet":"max-snippet:-1","max-image-preview":"max-image-preview:large","max-video-preview":"max-video-preview:-1"},"canonical":"https:\/\/dachfensterinfo.de\/cms\/balkon-dachfenster\/","og_locale":"de_DE","og_type":"article","og_title":"Balkon Dachfenster - dachfensterinfo.de","og_description":"Diese Dachfenster Variante wurde 1991 von VELUX auf einer Messe in Frankreich in den Markt eingef\u00fchrt. Bis heute begeistert diese Ingenieursleistung die Menschen und weckt den Wunsch ein solches Fenster haben zu wollen. Vom Prinzip her ist es ein bodentiefes Dachfenster, dessen unteres Fensterelement mit einem einfach Handgriff ausgeklappt werden kann. Somit verwandelt sich der [&hellip;]","og_url":"https:\/\/dachfensterinfo.de\/cms\/balkon-dachfenster\/","og_site_name":"dachfensterinfo.de","article_publisher":"https:\/\/www.facebook.com\/dachfensterinfo","article_published_time":"2024-01-22T13:08:01+00:00","article_modified_time":"2024-03-07T19:53:31+00:00","og_image":[{"width":1140,"height":1500,"url":"https:\/\/dachfensterinfo.de\/cms\/wp-content\/uploads\/2024\/01\/dachfenster-velux-dachbalkon-scaled.jpg","type":"image\/jpeg"}],"author":"iamklaus","twitter_card":"summary_large_image","twitter_misc":{"Verfasst von":"iamklaus","Gesch\u00e4tzte Lesezeit":"2\u00a0Minuten"},"schema":{"@context":"https:\/\/schema.org","@graph":[{"@type":"Article","@id":"https:\/\/dachfensterinfo.de\/cms\/balkon-dachfenster\/#article","isPartOf":{"@id":"https:\/\/dachfensterinfo.de\/cms\/balkon-dachfenster\/"},"author":{"name":"iamklaus","@id":"https:\/\/dachfensterinfo.de\/cms\/#\/schema\/person\/01f3bba15d802a83596430bd235bb5d8"},"headline":"Balkon Dachfenster","datePublished":"2024-01-22T13:08:01+00:00","dateModified":"2024-03-07T19:53:31+00:00","mainEntityOfPage":{"@id":"https:\/\/dachfensterinfo.de\/cms\/balkon-dachfenster\/"},"wordCount":84,"publisher":{"@id":"https:\/\/dachfensterinfo.de\/cms\/#organization"},"image":{"@id":"https:\/\/dachfensterinfo.de\/cms\/balkon-dachfenster\/#primaryimage"},"thumbnailUrl":"https:\/\/dachfensterinfo.de\/cms\/wp-content\/uploads\/2024\/01\/dachfenster-velux-dachbalkon-scaled.jpg","keywords":["dachfensterkombination"],"inLanguage":"de"},{"@type":"WebPage","@id":"https:\/\/dachfensterinfo.de\/cms\/balkon-dachfenster\/","url":"https:\/\/dachfensterinfo.de\/cms\/balkon-dachfenster\/","name":"Balkon Dachfenster - dachfensterinfo.de","isPartOf":{"@id":"https:\/\/dachfensterinfo.de\/cms\/#website"},"primaryImageOfPage":{"@id":"https:\/\/dachfensterinfo.de\/cms\/balkon-dachfenster\/#primaryimage"},"image":{"@id":"https:\/\/dachfensterinfo.de\/cms\/balkon-dachfenster\/#primaryimage"},"thumbnailUrl":"https:\/\/dachfensterinfo.de\/cms\/wp-content\/uploads\/2024\/01\/dachfenster-velux-dachbalkon-scaled.jpg","datePublished":"2024-01-22T13:08:01+00:00","dateModified":"2024-03-07T19:53:31+00:00","breadcrumb":{"@id":"https:\/\/dachfensterinfo.de\/cms\/balkon-dachfenster\/#breadcrumb"},"inLanguage":"de","potentialAction":[{"@type":"ReadAction","target":["https:\/\/dachfensterinfo.de\/cms\/balkon-dachfenster\/"]}]},{"@type":"ImageObject","inLanguage":"de","@id":"https:\/\/dachfensterinfo.de\/cms\/balkon-dachfenster\/#primaryimage","url":"https:\/\/dachfensterinfo.de\/cms\/wp-content\/uploads\/2024\/01\/dachfenster-velux-dachbalkon-scaled.jpg","contentUrl":"https:\/\/dachfensterinfo.de\/cms\/wp-content\/uploads\/2024\/01\/dachfenster-velux-dachbalkon-scaled.jpg","width":1140,"height":1500},{"@type":"BreadcrumbList","@id":"https:\/\/dachfensterinfo.de\/cms\/balkon-dachfenster\/#breadcrumb","itemListElement":[{"@type":"ListItem","position":1,"name":"Startseite","item":"https:\/\/dachfensterinfo.de\/cms\/"},{"@type":"ListItem","position":2,"name":"Balkon Dachfenster"}]},{"@type":"WebSite","@id":"https:\/\/dachfensterinfo.de\/cms\/#website","url":"https:\/\/dachfensterinfo.de\/cms\/","name":"dachfensterinfo.de","description":"","publisher":{"@id":"https:\/\/dachfensterinfo.de\/cms\/#organization"},"potentialAction":[{"@type":"SearchAction","target":{"@type":"EntryPoint","urlTemplate":"https:\/\/dachfensterinfo.de\/cms\/?s={search_term_string}"},"query-input":{"@type":"PropertyValueSpecification","valueRequired":true,"valueName":"search_term_string"}}],"inLanguage":"de"},{"@type":"Organization","@id":"https:\/\/dachfensterinfo.de\/cms\/#organization","name":"dachfensterinfo.de","url":"https:\/\/dachfensterinfo.de\/cms\/","logo":{"@type":"ImageObject","inLanguage":"de","@id":"https:\/\/dachfensterinfo.de\/cms\/#\/schema\/logo\/image\/","url":"https:\/\/dachfensterinfo.de\/cms\/wp-content\/uploads\/2024\/02\/Logo-1-e1708276715214.png","contentUrl":"https:\/\/dachfensterinfo.de\/cms\/wp-content\/uploads\/2024\/02\/Logo-1-e1708276715214.png","width":300,"height":300,"caption":"dachfensterinfo.de"},"image":{"@id":"https:\/\/dachfensterinfo.de\/cms\/#\/schema\/logo\/image\/"},"sameAs":["https:\/\/www.facebook.com\/dachfensterinfo","https:\/\/www.instagram.com\/dachfensterinfo\/"]},{"@type":"Person","@id":"https:\/\/dachfensterinfo.de\/cms\/#\/schema\/person\/01f3bba15d802a83596430bd235bb5d8","name":"iamklaus","sameAs":["http:\/\/dachfensterinfo.de\/cms"],"url":"https:\/\/dachfensterinfo.de\/cms\/author\/iamklaus\/"}]}},"_links":{"self":[{"href":"https:\/\/dachfensterinfo.de\/cms\/wp-json\/wp\/v2\/posts\/111","targetHints":{"allow":["GET"]}}],"collection":[{"href":"https:\/\/dachfensterinfo.de\/cms\/wp-json\/wp\/v2\/posts"}],"about":[{"href":"https:\/\/dachfensterinfo.de\/cms\/wp-json\/wp\/v2\/types\/post"}],"author":[{"embeddable":true,"href":"https:\/\/dachfensterinfo.de\/cms\/wp-json\/wp\/v2\/users\/1"}],"replies":[{"embeddable":true,"href":"https:\/\/dachfensterinfo.de\/cms\/wp-json\/wp\/v2\/comments?post=111"}],"version-history":[{"count":5,"href":"https:\/\/dachfensterinfo.de\/cms\/wp-json\/wp\/v2\/posts\/111\/revisions"}],"predecessor-version":[{"id":153,"href":"https:\/\/dachfensterinfo.de\/cms\/wp-json\/wp\/v2\/posts\/111\/revisions\/153"}],"wp:featuredmedia":[{"embeddable":true,"href":"https:\/\/dachfensterinfo.de\/cms\/wp-json\/wp\/v2\/media\/149"}],"wp:attachment":[{"href":"https:\/\/dachfensterinfo.de\/cms\/wp-json\/wp\/v2\/media?parent=111"}],"wp:term":[{"taxonomy":"category","embeddable":true,"href":"https:\/\/dachfensterinfo.de\/cms\/wp-json\/wp\/v2\/categories?post=111"},{"taxonomy":"post_tag","embeddable":true,"href":"https:\/\/dachfensterinfo.de\/cms\/wp-json\/wp\/v2\/tags?post=111"}],"curies":[{"name":"wp","href":"https:\/\/api.w.org\/{rel}","templated":true}]}}